{"id":27072,"date":"2026-09-03T09:00:00","date_gmt":"2026-09-03T12:00:00","guid":{"rendered":"https:\/\/umajuda.com.br\/?p=27072"},"modified":"2026-09-01T17:33:15","modified_gmt":"2026-09-01T20:33:15","slug":"por-que-parece-que-nunca-temos-tempo-um-guia-para-entender-nossa-relacao-com-o-tempo-a-atencao-e-a-vida-cotidiana","status":"publish","type":"post","link":"https:\/\/umajuda.com.br\/es\/por-que-parece-que-nunca-temos-tempo-um-guia-para-entender-nossa-relacao-com-o-tempo-a-atencao-e-a-vida-cotidiana\/","title":{"rendered":"\u00bfPor qu\u00e9 parece que nunca tenemos suficiente tiempo? Una gu\u00eda para comprender nuestra relaci\u00f3n con el tiempo, la atenci\u00f3n y la vida diaria.\u00a0"},"content":{"rendered":"<div data-elementor-type=\"wp-post\" data-elementor-id=\"27072\" class=\"elementor elementor-27072\" data-elementor-post-type=\"post\">\n\t\t\t\t\t\t\t\t\t<section class=\"elementor-section elementor-top-section elementor-element elementor-element-220ee2e elementor-section-boxed elementor-section-height-default elementor-section-height-default\" data-id=\"220ee2e\" data-element_type=\"section\">\n\t\t\t\t\t\t<div class=\"elementor-container elementor-column-gap-default\">\n\t\t\t\t\t<div class=\"elementor-column elementor-col-100 elementor-top-column elementor-element elementor-element-7de139aa\" data-id=\"7de139aa\" data-element_type=\"column\">\n\t\t\t<div class=\"elementor-widget-wrap elementor-element-populated\">\n\t\t\t\t\t\t\t\t<div class=\"elementor-element elementor-element-7e5d478b elementor-widget elementor-widget-text-editor\" data-id=\"7e5d478b\" data-element_type=\"widget\" data-widget_type=\"text-editor.default\">\n\t\t\t\t<div class=\"elementor-widget-container\">\n\t\t\t<style>\/*! elementor - v3.16.0 - 13-09-2023 *\/\n.elementor-widget-text-editor.elementor-drop-cap-view-stacked .elementor-drop-cap{background-color:#69727d;color:#fff}.elementor-widget-text-editor.elementor-drop-cap-view-framed .elementor-drop-cap{color:#69727d;border:3px solid;background-color:transparent}.elementor-widget-text-editor:not(.elementor-drop-cap-view-default) .elementor-drop-cap{margin-top:8px}.elementor-widget-text-editor:not(.elementor-drop-cap-view-default) .elementor-drop-cap-letter{width:1em;height:1em}.elementor-widget-text-editor .elementor-drop-cap{float:left;text-align:center;line-height:1;font-size:50px}.elementor-widget-text-editor .elementor-drop-cap-letter{display:inline-block}<\/style>\t\t\t\t<!-- wp:paragraph -->\n<p>\u00bfConoces esa sensaci\u00f3n de que el d\u00eda se te pas\u00f3 volando y te quedaste con la impresi\u00f3n de que no hiciste todo lo que deb\u00edas? \u00bfO incluso esa sensaci\u00f3n de que cada d\u00eda pasa m\u00e1s r\u00e1pido que el anterior?<\/p>\n<!-- \/wp:paragraph --><!-- wp:paragraph -->\n<p>Y ya has intentado organizar tu rutina de muchas maneras diferentes. Has intentado levantarte m\u00e1s temprano, acostarte m\u00e1s tarde, reducir tu tiempo de actividad f\u00edsica, saltarte el almuerzo en casa para pasar menos tiempo en el tr\u00e1fico y muchas otras alternativas para intentar crear m\u00e1s tiempo en el d\u00eda. Y aun as\u00ed, nunca parece ser suficiente.<\/p>\n<!-- \/wp:paragraph --><!-- wp:paragraph -->\n<p>Quiz\u00e1s lo que no te has dado cuenta es que nuestra relaci\u00f3n con el tiempo va m\u00e1s all\u00e1 de la cantidad de tiempo que tenemos. Incluye c\u00f3mo percibimos el futuro, las tareas que posponemos, c\u00f3mo distribuimos nuestra atenci\u00f3n y tambi\u00e9n c\u00f3mo vemos el descanso.<\/p>\n<!-- \/wp:paragraph --><!-- wp:paragraph -->\n<p>Con esto en mente, hemos creado una gu\u00eda con textos del blog UMAJUDA que te ayudar\u00e1n a ver esta experiencia desde diferentes perspectivas.<\/p>\n<!-- \/wp:paragraph --><!-- wp:paragraph -->\n<p><strong>Vivir en el ma\u00f1ana: La ilusi\u00f3n del tiempo infinito:<\/strong> quando somos mais novos parece que temos muito a viver. Mas, \u00e0 medida que envelhecemos, a vida entra em ritmo de repeti\u00e7\u00e3o. Dias parecidos, rotinas familiares, poucas grandes surpresas. Com menos experi\u00eancias novas ou emocionalmente marcantes, temos menos acontecimentos distintos para usar como refer\u00eancias na mem\u00f3ria. E isso pode contribuir para a sensa\u00e7\u00e3o de que o tempo est\u00e1 passando mais r\u00e1pido. Saiba mais no conte\u00fado dispon\u00edvel <a href=\"https:\/\/umajuda.com.br\/es\/vivendo-no-amanha-a-ilusao-do-tempo-infinito\/\">aqu\u00ed<\/a>.<\/p>\n<!-- \/wp:paragraph --><!-- wp:paragraph -->\n<p><strong>Procrastinaci\u00f3n: \u00bfQu\u00e9 es y por qu\u00e9 la practicamos? <\/strong>consciente ou inconscientemente, acabamos adiando atividades e tarefas no nosso dia a dia. Por\u00e9m, a procrastina\u00e7\u00e3o pode se tornar um h\u00e1bito ruim e at\u00e9 ser algo cr\u00f4nico. E ainda, adiar tarefas repetidamente pode afetar a sua sa\u00fade mental e pode estar associada a n\u00edveis maiores de estresse e ansiedade. Saiba mais no conte\u00fado dispon\u00edvel <a href=\"https:\/\/umajuda.com.br\/es\/procrastinacao-o-que-e-e-porque-fazemos\/\">aqu\u00ed<\/a>.<\/p>\n<!-- \/wp:paragraph --><!-- wp:paragraph -->\n<p><strong>\u00bfRealmente puedes hacer varias cosas al mismo tiempo? Lo que dice la ciencia sobre la multitarea:<\/strong> a ci\u00eancia mostra que nem sempre o que chamamos de multitarefa \u00e9, de fato, fazer v\u00e1rias coisas simultaneamente. Muitas vezes, estamos apenas alternando rapidamente entre tarefas \u2014 e isso tem um custo para a aten\u00e7\u00e3o e o desempenho. Saiba mais no conte\u00fado dispon\u00edvel <a href=\"https:\/\/umajuda.com.br\/es\/voce-realmente-consegue-fazer-varias-coisas-ao-mesmo-tempo-o-que-a-ciencia-diz-sobre-multitarefa\/\">aqu\u00ed<\/a>.<\/p>\n<!-- \/wp:paragraph --><!-- wp:paragraph -->\n<p><strong>la importancia de la atenci\u00f3n para nuestro desarrollo:<\/strong> \u201cAten\u00e7\u00e3o, preste muita aten\u00e7\u00e3o\u201d. Essa \u00e9 uma frase muito conhecida, e muito repetida diariamente. Mas voc\u00ea sabia que a aten\u00e7\u00e3o \u00e9 um processo muito importante para a nossa vida di\u00e1ria? Ela est\u00e1 envolvida em processos importantes como compreens\u00e3o, planejamento, mem\u00f3ria e reten\u00e7\u00e3o de informa\u00e7\u00f5es entre outros. Saiba mais no conte\u00fado dispon\u00edvel <a href=\"https:\/\/umajuda.com.br\/es\/qual-a-importancia-da-atencao-para-o-nosso-desenvolvimento\/\">aqu\u00ed<\/a>.<\/p>\n<!-- \/wp:paragraph --><!-- wp:paragraph -->\n<p><strong>El papel del sue\u00f1o en la memoria:<\/strong> voc\u00ea j\u00e1 virou a noite estudando para uma prova ou terminando uma apresenta\u00e7\u00e3o importante? Embora pare\u00e7a uma boa forma de ganhar mais tempo, a ci\u00eancia mostra que essa estrat\u00e9gia pode prejudicar justamente aquilo que voc\u00ea deseja melhorar: a mem\u00f3ria. Enquanto dormimos, o c\u00e9rebro continua trabalhando. \u00c9 nesse per\u00edodo que ele fortalece conex\u00f5es neurais, reorganiza experi\u00eancias e consolida grande parte do que aprendemos durante o dia. Saiba mais no conte\u00fado dispon\u00edvel <a href=\"https:\/\/umajuda.com.br\/es\/o-papel-do-sono-na-memoria\/\">aqu\u00ed<\/a>.<\/p>\n<!-- \/wp:paragraph -->\t\t\t\t\t\t<\/div>\n\t\t\t\t<\/div>\n\t\t\t\t\t<\/div>\n\t\t<\/div>\n\t\t\t\t\t\t\t<\/div>\n\t\t<\/section>\n\t\t\t\t\t\t\t<\/div>","protected":false},"excerpt":{"rendered":"<p>Sabe aquela sensa\u00e7\u00e3o de que o dia passou voando e voc\u00ea ficou com a impress\u00e3o de que n\u00e3o fez tudo o que precisava? Ou at\u00e9 aquela impress\u00e3o de que cada dia passa mais r\u00e1pido que o anterior? E voc\u00ea j\u00e1 tentou organizar a rotina de m\u00faltiplas formas diferentes. J\u00e1 tentou acordar mais cedo, dormir mais [&hellip;]<\/p>","protected":false},"author":4,"featured_media":27073,"comment_status":"open","ping_status":"open","sticky":false,"template":"","format":"standard","meta":{"footnotes":""},"categories":[40],"tags":[],"yoast_head":"<!-- This site is optimized with the Yoast SEO plugin v20.1 - https:\/\/yoast.com\/wordpress\/plugins\/seo\/ -->\n<title>Por que parece que nunca temos tempo? Um guia para entender nossa rela\u00e7\u00e3o com o tempo, a aten\u00e7\u00e3o e a vida cotidiana.\u00a0 - UMAJUDA<\/title>\n<meta name=\"robots\" content=\"index, follow, max-snippet:-1, max-image-preview:large, max-video-preview:-1\" \/>\n<link rel=\"canonical\" href=\"https:\/\/umajuda.com.br\/es\/por-que-parece-que-nunca-temos-tempo-um-guia-para-entender-nossa-relacao-com-o-tempo-a-atencao-e-a-vida-cotidiana\/\" \/>\n<meta property=\"og:locale\" content=\"es_ES\" \/>\n<meta property=\"og:type\" content=\"article\" \/>\n<meta property=\"og:title\" content=\"Por que parece que nunca temos tempo? Um guia para entender nossa rela\u00e7\u00e3o com o tempo, a aten\u00e7\u00e3o e a vida cotidiana.\u00a0 - UMAJUDA\" \/>\n<meta property=\"og:description\" content=\"Sabe aquela sensa\u00e7\u00e3o de que o dia passou voando e voc\u00ea ficou com a impress\u00e3o de que n\u00e3o fez tudo o que precisava? Ou at\u00e9 aquela impress\u00e3o de que cada dia passa mais r\u00e1pido que o anterior? E voc\u00ea j\u00e1 tentou organizar a rotina de m\u00faltiplas formas diferentes. J\u00e1 tentou acordar mais cedo, dormir mais [&hellip;]\" \/>\n<meta property=\"og:url\" content=\"https:\/\/umajuda.com.br\/es\/por-que-parece-que-nunca-temos-tempo-um-guia-para-entender-nossa-relacao-com-o-tempo-a-atencao-e-a-vida-cotidiana\/\" \/>\n<meta property=\"og:site_name\" content=\"UMAJUDA\" \/>\n<meta property=\"article:published_time\" content=\"2026-09-03T12:00:00+00:00\" \/>\n<meta property=\"article:modified_time\" content=\"2026-09-01T20:33:15+00:00\" \/>\n<meta property=\"og:image\" content=\"https:\/\/umajuda.com.br\/wp-content\/uploads\/2026\/09\/man-taking-e-leraning-courses-scaled.jpg\" \/>\n\t<meta property=\"og:image:width\" content=\"2560\" \/>\n\t<meta property=\"og:image:height\" content=\"1707\" \/>\n\t<meta property=\"og:image:type\" content=\"image\/jpeg\" \/>\n<meta name=\"author\" content=\"Umajuda\" \/>\n<meta name=\"twitter:card\" content=\"summary_large_image\" \/>\n<meta name=\"twitter:label1\" content=\"Escrito por\" \/>\n\t<meta name=\"twitter:data1\" content=\"Umajuda\" \/>\n\t<meta name=\"twitter:label2\" content=\"Tiempo de lectura\" \/>\n\t<meta name=\"twitter:data2\" content=\"3 minutos\" \/>\n<script type=\"application\/ld+json\" class=\"yoast-schema-graph\">{\"@context\":\"https:\/\/schema.org\",\"@graph\":[{\"@type\":\"Article\",\"@id\":\"https:\/\/umajuda.com.br\/por-que-parece-que-nunca-temos-tempo-um-guia-para-entender-nossa-relacao-com-o-tempo-a-atencao-e-a-vida-cotidiana\/#article\",\"isPartOf\":{\"@id\":\"https:\/\/umajuda.com.br\/por-que-parece-que-nunca-temos-tempo-um-guia-para-entender-nossa-relacao-com-o-tempo-a-atencao-e-a-vida-cotidiana\/\"},\"author\":{\"name\":\"Umajuda\",\"@id\":\"https:\/\/umajuda.com.br\/#\/schema\/person\/3000f5a23bf524df35c8d19a6a9733fd\"},\"headline\":\"Por que parece que nunca temos tempo? Um guia para entender nossa rela\u00e7\u00e3o com o tempo, a aten\u00e7\u00e3o e a vida cotidiana.\u00a0\",\"datePublished\":\"2026-09-03T12:00:00+00:00\",\"dateModified\":\"2026-09-01T20:33:15+00:00\",\"mainEntityOfPage\":{\"@id\":\"https:\/\/umajuda.com.br\/por-que-parece-que-nunca-temos-tempo-um-guia-para-entender-nossa-relacao-com-o-tempo-a-atencao-e-a-vida-cotidiana\/\"},\"wordCount\":571,\"commentCount\":0,\"publisher\":{\"@id\":\"https:\/\/umajuda.com.br\/#organization\"},\"articleSection\":[\"Comportamento\"],\"inLanguage\":\"es\",\"potentialAction\":[{\"@type\":\"CommentAction\",\"name\":\"Comment\",\"target\":[\"https:\/\/umajuda.com.br\/por-que-parece-que-nunca-temos-tempo-um-guia-para-entender-nossa-relacao-com-o-tempo-a-atencao-e-a-vida-cotidiana\/#respond\"]}]},{\"@type\":\"WebPage\",\"@id\":\"https:\/\/umajuda.com.br\/por-que-parece-que-nunca-temos-tempo-um-guia-para-entender-nossa-relacao-com-o-tempo-a-atencao-e-a-vida-cotidiana\/\",\"url\":\"https:\/\/umajuda.com.br\/por-que-parece-que-nunca-temos-tempo-um-guia-para-entender-nossa-relacao-com-o-tempo-a-atencao-e-a-vida-cotidiana\/\",\"name\":\"Por que parece que nunca temos tempo? Um guia para entender nossa rela\u00e7\u00e3o com o tempo, a aten\u00e7\u00e3o e a vida cotidiana.\u00a0 - UMAJUDA\",\"isPartOf\":{\"@id\":\"https:\/\/umajuda.com.br\/#website\"},\"datePublished\":\"2026-09-03T12:00:00+00:00\",\"dateModified\":\"2026-09-01T20:33:15+00:00\",\"breadcrumb\":{\"@id\":\"https:\/\/umajuda.com.br\/por-que-parece-que-nunca-temos-tempo-um-guia-para-entender-nossa-relacao-com-o-tempo-a-atencao-e-a-vida-cotidiana\/#breadcrumb\"},\"inLanguage\":\"es\",\"potentialAction\":[{\"@type\":\"ReadAction\",\"target\":[\"https:\/\/umajuda.com.br\/por-que-parece-que-nunca-temos-tempo-um-guia-para-entender-nossa-relacao-com-o-tempo-a-atencao-e-a-vida-cotidiana\/\"]}]},{\"@type\":\"BreadcrumbList\",\"@id\":\"https:\/\/umajuda.com.br\/por-que-parece-que-nunca-temos-tempo-um-guia-para-entender-nossa-relacao-com-o-tempo-a-atencao-e-a-vida-cotidiana\/#breadcrumb\",\"itemListElement\":[{\"@type\":\"ListItem\",\"position\":1,\"name\":\"Home\",\"item\":\"https:\/\/umajuda.com.br\/\"},{\"@type\":\"ListItem\",\"position\":2,\"name\":\"Por que parece que nunca temos tempo? Um guia para entender nossa rela\u00e7\u00e3o com o tempo, a aten\u00e7\u00e3o e a vida cotidiana.\u00a0\"}]},{\"@type\":\"WebSite\",\"@id\":\"https:\/\/umajuda.com.br\/#website\",\"url\":\"https:\/\/umajuda.com.br\/\",\"name\":\"UMAJUDA\",\"description\":\"Multiplicando o bem\",\"publisher\":{\"@id\":\"https:\/\/umajuda.com.br\/#organization\"},\"potentialAction\":[{\"@type\":\"SearchAction\",\"target\":{\"@type\":\"EntryPoint\",\"urlTemplate\":\"https:\/\/umajuda.com.br\/?s={search_term_string}\"},\"query-input\":\"required name=search_term_string\"}],\"inLanguage\":\"es\"},{\"@type\":\"Organization\",\"@id\":\"https:\/\/umajuda.com.br\/#organization\",\"name\":\"UMAJUDA\",\"url\":\"https:\/\/umajuda.com.br\/\",\"logo\":{\"@type\":\"ImageObject\",\"inLanguage\":\"es\",\"@id\":\"https:\/\/umajuda.com.br\/#\/schema\/logo\/image\/\",\"url\":\"https:\/\/umajuda.com.br\/wp-content\/uploads\/2022\/06\/cropped-cropped-LOGO-UMAJUDA-portugues.png\",\"contentUrl\":\"https:\/\/umajuda.com.br\/wp-content\/uploads\/2022\/06\/cropped-cropped-LOGO-UMAJUDA-portugues.png\",\"width\":1558,\"height\":403,\"caption\":\"UMAJUDA\"},\"image\":{\"@id\":\"https:\/\/umajuda.com.br\/#\/schema\/logo\/image\/\"}},{\"@type\":\"Person\",\"@id\":\"https:\/\/umajuda.com.br\/#\/schema\/person\/3000f5a23bf524df35c8d19a6a9733fd\",\"name\":\"Umajuda\",\"image\":{\"@type\":\"ImageObject\",\"inLanguage\":\"es\",\"@id\":\"https:\/\/umajuda.com.br\/#\/schema\/person\/image\/\",\"url\":\"https:\/\/secure.gravatar.com\/avatar\/d4085082ff43d24d9ed8e6e3984eee37?s=96&d=mm&r=g\",\"contentUrl\":\"https:\/\/secure.gravatar.com\/avatar\/d4085082ff43d24d9ed8e6e3984eee37?s=96&d=mm&r=g\",\"caption\":\"Umajuda\"},\"url\":\"https:\/\/umajuda.com.br\/es\/author\/edicao\/\"}]}<\/script>\n<!-- \/ Yoast SEO plugin. -->","yoast_head_json":{"title":"Por que parece que nunca temos tempo? Um guia para entender nossa rela\u00e7\u00e3o com o tempo, a aten\u00e7\u00e3o e a vida cotidiana.\u00a0 - UMAJUDA","robots":{"index":"index","follow":"follow","max-snippet":"max-snippet:-1","max-image-preview":"max-image-preview:large","max-video-preview":"max-video-preview:-1"},"canonical":"https:\/\/umajuda.com.br\/es\/por-que-parece-que-nunca-temos-tempo-um-guia-para-entender-nossa-relacao-com-o-tempo-a-atencao-e-a-vida-cotidiana\/","og_locale":"es_ES","og_type":"article","og_title":"Por que parece que nunca temos tempo? Um guia para entender nossa rela\u00e7\u00e3o com o tempo, a aten\u00e7\u00e3o e a vida cotidiana.\u00a0 - UMAJUDA","og_description":"Sabe aquela sensa\u00e7\u00e3o de que o dia passou voando e voc\u00ea ficou com a impress\u00e3o de que n\u00e3o fez tudo o que precisava? Ou at\u00e9 aquela impress\u00e3o de que cada dia passa mais r\u00e1pido que o anterior? E voc\u00ea j\u00e1 tentou organizar a rotina de m\u00faltiplas formas diferentes. J\u00e1 tentou acordar mais cedo, dormir mais [&hellip;]","og_url":"https:\/\/umajuda.com.br\/es\/por-que-parece-que-nunca-temos-tempo-um-guia-para-entender-nossa-relacao-com-o-tempo-a-atencao-e-a-vida-cotidiana\/","og_site_name":"UMAJUDA","article_published_time":"2026-09-03T12:00:00+00:00","article_modified_time":"2026-09-01T20:33:15+00:00","og_image":[{"width":2560,"height":1707,"url":"https:\/\/umajuda.com.br\/wp-content\/uploads\/2026\/09\/man-taking-e-leraning-courses-scaled.jpg","type":"image\/jpeg"}],"author":"Umajuda","twitter_card":"summary_large_image","twitter_misc":{"Escrito por":"Umajuda","Tiempo de lectura":"3 minutos"},"schema":{"@context":"https:\/\/schema.org","@graph":[{"@type":"Article","@id":"https:\/\/umajuda.com.br\/por-que-parece-que-nunca-temos-tempo-um-guia-para-entender-nossa-relacao-com-o-tempo-a-atencao-e-a-vida-cotidiana\/#article","isPartOf":{"@id":"https:\/\/umajuda.com.br\/por-que-parece-que-nunca-temos-tempo-um-guia-para-entender-nossa-relacao-com-o-tempo-a-atencao-e-a-vida-cotidiana\/"},"author":{"name":"Umajuda","@id":"https:\/\/umajuda.com.br\/#\/schema\/person\/3000f5a23bf524df35c8d19a6a9733fd"},"headline":"Por que parece que nunca temos tempo? Um guia para entender nossa rela\u00e7\u00e3o com o tempo, a aten\u00e7\u00e3o e a vida cotidiana.\u00a0","datePublished":"2026-09-03T12:00:00+00:00","dateModified":"2026-09-01T20:33:15+00:00","mainEntityOfPage":{"@id":"https:\/\/umajuda.com.br\/por-que-parece-que-nunca-temos-tempo-um-guia-para-entender-nossa-relacao-com-o-tempo-a-atencao-e-a-vida-cotidiana\/"},"wordCount":571,"commentCount":0,"publisher":{"@id":"https:\/\/umajuda.com.br\/#organization"},"articleSection":["Comportamento"],"inLanguage":"es","potentialAction":[{"@type":"CommentAction","name":"Comment","target":["https:\/\/umajuda.com.br\/por-que-parece-que-nunca-temos-tempo-um-guia-para-entender-nossa-relacao-com-o-tempo-a-atencao-e-a-vida-cotidiana\/#respond"]}]},{"@type":"WebPage","@id":"https:\/\/umajuda.com.br\/por-que-parece-que-nunca-temos-tempo-um-guia-para-entender-nossa-relacao-com-o-tempo-a-atencao-e-a-vida-cotidiana\/","url":"https:\/\/umajuda.com.br\/por-que-parece-que-nunca-temos-tempo-um-guia-para-entender-nossa-relacao-com-o-tempo-a-atencao-e-a-vida-cotidiana\/","name":"Por que parece que nunca temos tempo? Um guia para entender nossa rela\u00e7\u00e3o com o tempo, a aten\u00e7\u00e3o e a vida cotidiana.\u00a0 - UMAJUDA","isPartOf":{"@id":"https:\/\/umajuda.com.br\/#website"},"datePublished":"2026-09-03T12:00:00+00:00","dateModified":"2026-09-01T20:33:15+00:00","breadcrumb":{"@id":"https:\/\/umajuda.com.br\/por-que-parece-que-nunca-temos-tempo-um-guia-para-entender-nossa-relacao-com-o-tempo-a-atencao-e-a-vida-cotidiana\/#breadcrumb"},"inLanguage":"es","potentialAction":[{"@type":"ReadAction","target":["https:\/\/umajuda.com.br\/por-que-parece-que-nunca-temos-tempo-um-guia-para-entender-nossa-relacao-com-o-tempo-a-atencao-e-a-vida-cotidiana\/"]}]},{"@type":"BreadcrumbList","@id":"https:\/\/umajuda.com.br\/por-que-parece-que-nunca-temos-tempo-um-guia-para-entender-nossa-relacao-com-o-tempo-a-atencao-e-a-vida-cotidiana\/#breadcrumb","itemListElement":[{"@type":"ListItem","position":1,"name":"Home","item":"https:\/\/umajuda.com.br\/"},{"@type":"ListItem","position":2,"name":"Por que parece que nunca temos tempo? Um guia para entender nossa rela\u00e7\u00e3o com o tempo, a aten\u00e7\u00e3o e a vida cotidiana.\u00a0"}]},{"@type":"WebSite","@id":"https:\/\/umajuda.com.br\/#website","url":"https:\/\/umajuda.com.br\/","name":"UMAJUDA","description":"Multiplicando o bem","publisher":{"@id":"https:\/\/umajuda.com.br\/#organization"},"potentialAction":[{"@type":"SearchAction","target":{"@type":"EntryPoint","urlTemplate":"https:\/\/umajuda.com.br\/?s={search_term_string}"},"query-input":"required name=search_term_string"}],"inLanguage":"es"},{"@type":"Organization","@id":"https:\/\/umajuda.com.br\/#organization","name":"UMAJUDA","url":"https:\/\/umajuda.com.br\/","logo":{"@type":"ImageObject","inLanguage":"es","@id":"https:\/\/umajuda.com.br\/#\/schema\/logo\/image\/","url":"https:\/\/umajuda.com.br\/wp-content\/uploads\/2022\/06\/cropped-cropped-LOGO-UMAJUDA-portugues.png","contentUrl":"https:\/\/umajuda.com.br\/wp-content\/uploads\/2022\/06\/cropped-cropped-LOGO-UMAJUDA-portugues.png","width":1558,"height":403,"caption":"UMAJUDA"},"image":{"@id":"https:\/\/umajuda.com.br\/#\/schema\/logo\/image\/"}},{"@type":"Person","@id":"https:\/\/umajuda.com.br\/#\/schema\/person\/3000f5a23bf524df35c8d19a6a9733fd","name":"Umajuda","image":{"@type":"ImageObject","inLanguage":"es","@id":"https:\/\/umajuda.com.br\/#\/schema\/person\/image\/","url":"https:\/\/secure.gravatar.com\/avatar\/d4085082ff43d24d9ed8e6e3984eee37?s=96&d=mm&r=g","contentUrl":"https:\/\/secure.gravatar.com\/avatar\/d4085082ff43d24d9ed8e6e3984eee37?s=96&d=mm&r=g","caption":"Umajuda"},"url":"https:\/\/umajuda.com.br\/es\/author\/edicao\/"}]}},"_links":{"self":[{"href":"https:\/\/umajuda.com.br\/es\/wp-json\/wp\/v2\/posts\/27072"}],"collection":[{"href":"https:\/\/umajuda.com.br\/es\/wp-json\/wp\/v2\/posts"}],"about":[{"href":"https:\/\/umajuda.com.br\/es\/wp-json\/wp\/v2\/types\/post"}],"author":[{"embeddable":true,"href":"https:\/\/umajuda.com.br\/es\/wp-json\/wp\/v2\/users\/4"}],"replies":[{"embeddable":true,"href":"https:\/\/umajuda.com.br\/es\/wp-json\/wp\/v2\/comments?post=27072"}],"version-history":[{"count":7,"href":"https:\/\/umajuda.com.br\/es\/wp-json\/wp\/v2\/posts\/27072\/revisions"}],"predecessor-version":[{"id":27080,"href":"https:\/\/umajuda.com.br\/es\/wp-json\/wp\/v2\/posts\/27072\/revisions\/27080"}],"wp:featuredmedia":[{"embeddable":true,"href":"https:\/\/umajuda.com.br\/es\/wp-json\/wp\/v2\/media\/27073"}],"wp:attachment":[{"href":"https:\/\/umajuda.com.br\/es\/wp-json\/wp\/v2\/media?parent=27072"}],"wp:term":[{"taxonomy":"category","embeddable":true,"href":"https:\/\/umajuda.com.br\/es\/wp-json\/wp\/v2\/categories?post=27072"},{"taxonomy":"post_tag","embeddable":true,"href":"https:\/\/umajuda.com.br\/es\/wp-json\/wp\/v2\/tags?post=27072"}],"curies":[{"name":"wp","href":"https:\/\/api.w.org\/{rel}","templated":true}]}}